{"id":3299,"date":"2025-03-23T21:28:41","date_gmt":"2025-03-23T21:28:41","guid":{"rendered":"http:\/\/marciusvitale.com.br\/?p=3299"},"modified":"2025-03-23T21:29:40","modified_gmt":"2025-03-23T21:29:40","slug":"3299","status":"publish","type":"post","link":"http:\/\/marciusvitale.com.br\/?p=3299","title":{"rendered":"GT Infraestrutura SEESP"},"content":{"rendered":"\n<figure class=\"wp-block-image is-resized\"><img loading=\"lazy\" src=\"https:\/\/seesp.org.br\/site\/images\/cabecalho\/logo_seesp_ap_22_comapoiocrea.jpg\" alt=\"logo seesp\" width=\"660\" height=\"146\"\/><\/figure>\n\n\n\n<p><strong><em>10\/03\/2025<\/em><\/strong><\/p>\n\n\n\n<h2>SEESP apresenta proposta de projeto de lei para inspe\u00e7\u00e3o predial na Cidade de S\u00e3o Paulo<\/h2>\n\n\n\n<p><em>Rita Casaro \u2013 Comunica\u00e7\u00e3o SEESP*<\/em><\/p>\n\n\n\n<p>Dando sequ\u00eancia ao debate sobre a necessidade de Engenharia de Manuten\u00e7\u00e3o nas cidades e \u00e0s contribui\u00e7\u00f5es a pol\u00edticas p\u00fablicas sobre o tema, o SEESP elaborou proposta de projeto de lei que estabelece a obrigatoriedade de laudo t\u00e9cnico de manuten\u00e7\u00e3o para edif\u00edcios p\u00fablicos e privados com mais de quatro pavimentos no Munic\u00edpio de S\u00e3o Paulo. A sugest\u00e3o de PL foi apresentada a Felipe Morrone, chefe de gabinete do vereador Ricardo Teixeira (Uni\u00e3o Brasil), presidente da C\u00e2mara Municipal, em 26 de fevereiro \u00faltimo, durante reuni\u00e3o na sede do sindicato.<\/p>\n\n\n\n<p>A entidade defende que um Laudo T\u00e9cnico de Manuten\u00e7\u00e3o Predial (LTMP) seja \u201celaborado por profissional legalmente habilitado, garantindo a seguran\u00e7a estrutural, el\u00e9trica, hidr\u00e1ulica e sanit\u00e1ria das edifica\u00e7\u00f5es\u201d.&nbsp; A provid\u00eancia dever\u00e1 ser tomada a cada cinco anos para pr\u00e9dios com at\u00e9 20 anos de constru\u00e7\u00e3o e a cada tr\u00eas para edifica\u00e7\u00f5es mais antigas que isso.<\/p>\n\n\n\n<p>O descumprimento da norma sujeitaria os respons\u00e1veis a advert\u00eancia, multa e at\u00e9 interdi\u00e7\u00e3o parcial ou total do im\u00f3vel em casos de perigo direto e iminente \u00e0 seguran\u00e7a dos ocupantes, conforme determina\u00e7\u00e3o da Defesa Civil e Corpo de Bombeiros.<\/p>\n\n\n\n<p>Para garantir a efic\u00e1cia da medida, a ideia \u00e9 que o SEESP atue como entidade de apoio t\u00e9cnico, \u201cauxiliando na capacita\u00e7\u00e3o de profissionais, emiss\u00e3o de pareceres t\u00e9cnicos e cria\u00e7\u00e3o de diretrizes para a elabora\u00e7\u00e3o dos laudos\u201d.<\/p>\n\n\n\n<p>Nesse sentido, pela minuta do PL, o sindicato, em conv\u00eanio com a Secretaria Municipal de Urbanismo e Licenciamento, promover\u00e1 cursos para qualificar profissionais interessados em atuar na inspe\u00e7\u00e3o e emiss\u00e3o dos laudos t\u00e9cnicos.&nbsp; \u201cAcreditamos que esta ser\u00e1 uma medida fundamental para aprimorar a seguran\u00e7a, a qualidade de vida e a boa aplica\u00e7\u00e3o dos recursos p\u00fablicos na Cidade de S\u00e3o Paulo\u201d, afirmou o presidente do SEESP, Murilo Pinheiro, que esteve presente \u00e0 discuss\u00e3o.<\/p>\n\n\n\n<p>Juntamente com ele, participaram os diretores Fernando Palmezan Neto, Renato Becker e Edilson Reis, al\u00e9m de Marcius Vitale, integrante do Conselho Tecnol\u00f3gico da entidade. Estiveram ainda no encontro o advogado&nbsp;Edson de Oliveira Russo e o&nbsp;consultor Cl\u00e1udio Francisco.<\/p>\n\n\n\n<p><img src=\"https:\/\/www.seesp.org.br\/site\/images\/noticias\/ReuniaoChefeGabineteRicardoTeixeira-AnaSales.png\" alt=\"ReuniaoChefeGabineteRicardoTeixeira\" width=\"800\">Presidente Murilo e diretores do SEESP apresentam proposta de PL para inspe\u00e7\u00e3o predial a assessores do presidente da C\u00e2mara Municipal, Ricardo Teixeira.<br>Foto: Ana Sales<\/p>\n\n\n\n<p><strong>Emaranhado de cabos<\/strong><\/p>\n\n\n\n<p>A reuni\u00e3o tamb\u00e9m foi oportunidade para que os representantes do SEESP abordassem outro tema premente para o bem-estar da popula\u00e7\u00e3o na capital paulista: a necessidade de dar fim ao emaranhado de cabos nos postes, problema que tem sido objeto de manifesta\u00e7\u00f5es do SEESP e da Federa\u00e7\u00e3o Nacional dos Engenheiros (FNE) junto \u00e0 Ag\u00eancia Nacional de Energia El\u00e9trica (Aneel) e outros \u00f3rg\u00e3os p\u00fablicos.<\/p>\n\n\n\n<p>As entidades defendem que as distribuidoras de energia, entes respons\u00e1veis pelos postes que recebem diversas outras instala\u00e7\u00f5es, como de ilumina\u00e7\u00e3o p\u00fablica e telecomunica\u00e7\u00f5es, fa\u00e7am cumprir as normas t\u00e9cnicas, evitando riscos de acidentes el\u00e9tricos.<\/p>\n\n\n\n<p>Para fazer com que as concession\u00e1rias cumpram efetivamente esse dever, o SEESP e a FNE defendem que os munic\u00edpios estabele\u00e7am legisla\u00e7\u00f5es locais, prevendo san\u00e7\u00f5es \u00e0s distribuidoras faltosas. A ideia \u00e9 assegurar o direito ao espa\u00e7o a\u00e9reo local, conforme proposto na edi\u00e7\u00e3o \u201c<a href=\"https:\/\/www.crescebrasil.org.br\/index.php\/cidades-inteligentes\">Cidades Inteligentes<\/a>\u201d do projeto Cresce Brasil + Engenharia + Desenvolvimento\u201d, lan\u00e7ada em 2024 e entregue aos candidatos \u00e0s elei\u00e7\u00f5es do ano passado.<\/p>\n\n\n\n<p><em>*Colaborou Joyce Marcon<\/em><\/p>\n","protected":false},"excerpt":{"rendered":"<p>10\/03\/2025 SEESP apresenta proposta de projeto de lei para inspe\u00e7\u00e3o predial na Cidade de S\u00e3o Paulo Rita Casaro \u2013 Comunica\u00e7\u00e3o SEESP* Dando sequ\u00eancia ao debate sobre a necessidade de Engenharia de Manuten\u00e7\u00e3o nas cidades e \u00e0s contribui\u00e7\u00f5es a pol\u00edticas p\u00fablicas sobre o tema, o SEESP elaborou proposta de projeto de lei que estabelece a obrigatoriedade &hellip; <\/p>\n<p><a class=\"more-link block-button\" href=\"http:\/\/marciusvitale.com.br\/?p=3299\">Continue lendo &raquo;<\/a><\/p>\n","protected":false},"author":2,"featured_media":0,"comment_status":"open","ping_status":"closed","sticky":false,"template":"","format":"standard","meta":[],"categories":[1],"tags":[],"_links":{"self":[{"href":"http:\/\/marciusvitale.com.br\/index.php?rest_route=\/wp\/v2\/posts\/3299"}],"collection":[{"href":"http:\/\/marciusvitale.com.br\/index.php?rest_route=\/wp\/v2\/posts"}],"about":[{"href":"http:\/\/marciusvitale.com.br\/index.php?rest_route=\/wp\/v2\/types\/post"}],"author":[{"embeddable":true,"href":"http:\/\/marciusvitale.com.br\/index.php?rest_route=\/wp\/v2\/users\/2"}],"replies":[{"embeddable":true,"href":"http:\/\/marciusvitale.com.br\/index.php?rest_route=%2Fwp%2Fv2%2Fcomments&post=3299"}],"version-history":[{"count":2,"href":"http:\/\/marciusvitale.com.br\/index.php?rest_route=\/wp\/v2\/posts\/3299\/revisions"}],"predecessor-version":[{"id":3301,"href":"http:\/\/marciusvitale.com.br\/index.php?rest_route=\/wp\/v2\/posts\/3299\/revisions\/3301"}],"wp:attachment":[{"href":"http:\/\/marciusvitale.com.br\/index.php?rest_route=%2Fwp%2Fv2%2Fmedia&parent=3299"}],"wp:term":[{"taxonomy":"category","embeddable":true,"href":"http:\/\/marciusvitale.com.br\/index.php?rest_route=%2Fwp%2Fv2%2Fcategories&post=3299"},{"taxonomy":"post_tag","embeddable":true,"href":"http:\/\/marciusvitale.com.br\/index.php?rest_route=%2Fwp%2Fv2%2Ftags&post=3299"}],"curies":[{"name":"wp","href":"https:\/\/api.w.org\/{rel}","templated":true}]}}