{"id":3148,"date":"2023-04-26T20:55:46","date_gmt":"2023-04-26T20:55:46","guid":{"rendered":"http:\/\/marciusvitale.com.br\/?p=3148"},"modified":"2023-04-26T20:58:11","modified_gmt":"2023-04-26T20:58:11","slug":"confea-institui-grupo-de-trabalho-sobre-o-5g-composto-por-especialistas","status":"publish","type":"post","link":"http:\/\/marciusvitale.com.br\/?p=3148","title":{"rendered":"Confea institui Grupo de Trabalho sobre o 5G composto por especialistas"},"content":{"rendered":"\n<h2><strong>&nbsp;<\/strong><\/h2>\n\n\n\n<figure class=\"wp-block-image\"><img src=\"https:\/\/www.creama.org.br\/uploads\/noticia\/9584\/maior_5jASAn0xT51lsWNNYYwfqHdpbBzPbVmp.PNG\" alt=\"[noticia: confea-institui-grupo-de-trabalho-sobre-o-5g-composto-por-especialistas]  - 5g.PNG\" title=\"5g.PNG\"\/><\/figure>\n\n\n\n<p>Na \u00faltima sess\u00e3o plen\u00e1ria de mar\u00e7o (sess\u00e3o n\u00ba 1684), foi aprovada a cria\u00e7\u00e3o do Grupo de Trabalho 5G sob a supervis\u00e3o da Comiss\u00e3o de Educa\u00e7\u00e3o e Atribui\u00e7\u00e3o Profissional (Ceap). O grupo ser\u00e1 coordenado pelo eng. eletric. Jorge Luiz Bitencourt da Rocha, com o eng. eletric. Genilson Pav\u00e3o Almeida, como coordenador adjunto.<\/p>\n\n\n\n<p>O GT ainda ser\u00e1 composto por especialistas, como o <strong><em>eng. eletric. Marcius Butti Vitale,<\/em><\/strong> que atuou na gest\u00e3o de projetos de infraestrutura de telecomunica\u00e7\u00f5es em todo o pa\u00eds, como Telemig, Embratel, e Telebr\u00e1s, entre outras. O doutor em Engenharia El\u00e9trica, coordenador-adjunto das C\u00e2maras Especializadas de Engenharia El\u00e9trica e professor eng. eletric. Rogerio Moreira Lima Silva. Por fim, o p\u00f3s-doutor e doutor em Engenharia El\u00e9trica e pesquisador do F\u00f3rum do Sistema Brasileiro de TV Digital, eng. eletric. Leonardo Henrique Gonsioroski Furtado da Silva tamb\u00e9m participa do GT.<\/p>\n\n\n\n<p>De acordo com Genilson Pav\u00e3o Almeida, o objetivo do grupo \u00e9 uniformizar a presta\u00e7\u00e3o de servi\u00e7os 5G no Brasil, entender as causas ra\u00edzes da m\u00e1 presta\u00e7\u00e3o de servi\u00e7o, a aus\u00eancia de sinal e as dificuldades telem\u00e1ticas de implanta\u00e7\u00e3o da tecnologia. &#8220;O objetivo final \u00e9 mapear como o Sistema Confea\/Crea pode contribuir para melhorar esses servi\u00e7os em prol do desenvolvimento da engenharia nacional e da prote\u00e7\u00e3o da sociedade brasileira&#8221;, disse Pav\u00e3o.<\/p>\n\n\n\n<p>Para o Conselheiro do CREA-MA, tamb\u00e9m Coordenador Adj. das Coordenadorias de Engenharia El\u00e9trica, eng. eletric. Rogerio Moreira Lima, os problemas recorrentes relatados pelos usu\u00e1rios referentes \u00e0 falha no&nbsp;<em>handoff<\/em>, \u00e1reas de sombra, congestionamento, demandam a necessidade de produzir um documento aos Creas para fiscaliza\u00e7\u00e3o em profundidade para apurar se est\u00e1 havendo alguma infra\u00e7\u00e3o \u00e0 legisla\u00e7\u00e3o profissional da Engenharia. \u201cDesse modo, \u00e9 relevante apurar se os problemas relatados t\u00eam rela\u00e7\u00e3o com exerc\u00edcio ilegal por leigo, exorbit\u00e2ncia, acobertamento profissional ou falta \u00e9tica\u201d, detalhou.&nbsp;<\/p>\n\n\n\n<p>O grupo 5G produzir\u00e1 um relat\u00f3rio t\u00e9cnico sobre o Servi\u00e7o M\u00f3vel Pessoal (SMP) no Brasil e a implanta\u00e7\u00e3o do 5G, com diretrizes de fiscaliza\u00e7\u00e3o para os Creas, a fim de verificar o registro, a habilita\u00e7\u00e3o e a responsabilidade t\u00e9cnica de profissionais e empresas, incluindo aspectos t\u00e9cnicos para caracterizar infra\u00e7\u00f5es por exorbit\u00e2ncia de atribui\u00e7\u00f5es, acobertamento profissional, m\u00e1 conduta p\u00fablica e falta \u00e9tica.<\/p>\n\n\n\n<p>O relat\u00f3rio final ser\u00e1 encaminhado \u00e0 Ag\u00eancia Nacional de Telecomunica\u00e7\u00f5es (Anatel) para propor altera\u00e7\u00f5es na Resolu\u00e7\u00e3o n\u00ba 477\/2017, que regula o SMP. O objetivo do grupo \u00e9 contribuir com a Anatel para a expedi\u00e7\u00e3o de normas sobre presta\u00e7\u00e3o de servi\u00e7os de telecomunica\u00e7\u00f5es tanto no regime p\u00fablico quanto privado. O GT 5G se reunir\u00e1 na ter\u00e7a-feira (25) para definir cronograma e plano de trabalho.<\/p>\n\n\n\n<p>O 5G \u00e9 o mais recente padr\u00e3o tecnol\u00f3gico para servi\u00e7os m\u00f3veis e a Anatel est\u00e1 trabalhando incansavelmente para promover sua implementa\u00e7\u00e3o no pa\u00eds de forma segura e sustent\u00e1vel. A tecnologia oferece altas taxas de transmiss\u00e3o de dados e baixa lat\u00eancia, o que possibilita uma variedade de novas possibilidades, ainda a serem exploradas. O 5G promete massificar e diversificar a Internet das Coisas (IoT)&nbsp;&nbsp;em setores como seguran\u00e7a p\u00fablica, telemedicina, educa\u00e7\u00e3o \u00e0 dist\u00e2ncia, cidades inteligentes, automa\u00e7\u00e3o industrial e agr\u00edcola \u2013 entre tantos outros. No decorrer de sua implanta\u00e7\u00e3o, dever\u00e3o ser desenvolvidas aplica\u00e7\u00f5es inovadoras que aproveitem o potencial tecnol\u00f3gico das novas redes para introduzir servi\u00e7os que ampliem a efici\u00eancia dos mais diversos setores da economia e beneficiem a sociedade. O 5G vai consolidar e diversificar conceitos como Internet das Coisas e aprendizagem de m\u00e1quina em tempo real, promovendo uma verdadeira transforma\u00e7\u00e3o na forma como as pessoas e organiza\u00e7\u00f5es se relacionam.&nbsp;<\/p>\n\n\n\n<p>P<em><small><strong>ublicado:<\/strong>&nbsp;17\/04\/2023 13:07 &#8211;&nbsp;<strong>Fonte:<\/strong>&nbsp;Assessoria de Comunica\u00e7\u00e3o CONFEA<\/small><\/em><\/p>\n","protected":false},"excerpt":{"rendered":"<p>&nbsp; Na \u00faltima sess\u00e3o plen\u00e1ria de mar\u00e7o (sess\u00e3o n\u00ba 1684), foi aprovada a cria\u00e7\u00e3o do Grupo de Trabalho 5G sob a supervis\u00e3o da Comiss\u00e3o de Educa\u00e7\u00e3o e Atribui\u00e7\u00e3o Profissional (Ceap). O grupo ser\u00e1 coordenado pelo eng. eletric. Jorge Luiz Bitencourt da Rocha, com o eng. eletric. Genilson Pav\u00e3o Almeida, como coordenador adjunto. O GT ainda &hellip; <\/p>\n<p><a class=\"more-link block-button\" href=\"http:\/\/marciusvitale.com.br\/?p=3148\">Continue lendo &raquo;<\/a><\/p>\n","protected":false},"author":2,"featured_media":0,"comment_status":"open","ping_status":"closed","sticky":false,"template":"","format":"standard","meta":[],"categories":[666],"tags":[],"_links":{"self":[{"href":"http:\/\/marciusvitale.com.br\/index.php?rest_route=\/wp\/v2\/posts\/3148"}],"collection":[{"href":"http:\/\/marciusvitale.com.br\/index.php?rest_route=\/wp\/v2\/posts"}],"about":[{"href":"http:\/\/marciusvitale.com.br\/index.php?rest_route=\/wp\/v2\/types\/post"}],"author":[{"embeddable":true,"href":"http:\/\/marciusvitale.com.br\/index.php?rest_route=\/wp\/v2\/users\/2"}],"replies":[{"embeddable":true,"href":"http:\/\/marciusvitale.com.br\/index.php?rest_route=%2Fwp%2Fv2%2Fcomments&post=3148"}],"version-history":[{"count":2,"href":"http:\/\/marciusvitale.com.br\/index.php?rest_route=\/wp\/v2\/posts\/3148\/revisions"}],"predecessor-version":[{"id":3150,"href":"http:\/\/marciusvitale.com.br\/index.php?rest_route=\/wp\/v2\/posts\/3148\/revisions\/3150"}],"wp:attachment":[{"href":"http:\/\/marciusvitale.com.br\/index.php?rest_route=%2Fwp%2Fv2%2Fmedia&parent=3148"}],"wp:term":[{"taxonomy":"category","embeddable":true,"href":"http:\/\/marciusvitale.com.br\/index.php?rest_route=%2Fwp%2Fv2%2Fcategories&post=3148"},{"taxonomy":"post_tag","embeddable":true,"href":"http:\/\/marciusvitale.com.br\/index.php?rest_route=%2Fwp%2Fv2%2Ftags&post=3148"}],"curies":[{"name":"wp","href":"https:\/\/api.w.org\/{rel}","templated":true}]}}