{"id":3091,"date":"2022-02-17T00:28:41","date_gmt":"2022-02-17T00:28:41","guid":{"rendered":"http:\/\/marciusvitale.com.br\/?p=3091"},"modified":"2022-11-09T13:51:57","modified_gmt":"2022-11-09T13:51:57","slug":"3091","status":"publish","type":"post","link":"http:\/\/marciusvitale.com.br\/?p=3091","title":{"rendered":"Fiscaliza\u00e7\u00e3o de Postes"},"content":{"rendered":"\n<h1><strong><br>TelComp e Fitec desenvolvem ferramenta para registro e fiscaliza\u00e7\u00e3o de postes<\/strong><\/h1>\n\n\n\n<h4><em>Software \u00e9 baseado em imagens e intelig\u00eancia artificial.<\/em><\/h4>\n\n\n\n<h5><em>13\/12\/2021<\/em><\/h5>\n\n\n\n<hr class=\"wp-block-separator\"\/>\n\n\n\n<p><img alt=\"\" src=\"https:\/\/www.arandanet.com.br\/assets\/ckeditor\/kcfinder\/upload\/images\/Noticias\/RTI\/S1098\/foto3.jpg\"><\/p>\n\n\n\n<p>A TelComp \u2013 Associa\u00e7\u00e3o Brasileira das Prestadoras de Servi\u00e7os de Telecomunica\u00e7\u00f5es Competitivas vem realizando uma s\u00e9rie de a\u00e7\u00f5es com o objetivo de promover uma melhor organiza\u00e7\u00e3o das redes a\u00e9reas. \u201cH\u00e1 muitas cr\u00edticas nos setores e acusa\u00e7\u00f5es de que nada \u00e9 feito para resolver o problema. Queremos mudar essa percep\u00e7\u00e3o com a execu\u00e7\u00e3o de medidas concretas e um trabalho robusto, inclusive j\u00e1 com resultados reais\u201d, diz Luiz Henrique Barbosa da Silva, presidente da TelComp.<\/p>\n\n\n\n<p>Dentro desse plano, o primeiro projeto sob o comando da entidade foi batizado com o nome de Reordenamento \u00c1gil. Adotado por sete de suas associadas com presen\u00e7a em S\u00e3o Paulo, o programa prev\u00ea um trabalho em conjunto: quando pelo menos duas operadoras (e no m\u00e1ximo quatro) forem acionadas pela distribuidora para regulariza\u00e7\u00e3o da rede em uma \u00e1rea comum, a regulariza\u00e7\u00e3o ser\u00e1 feita de forma coordenada e pela mesma empreiteira contratada especificamente para esse fim. Somente quando o prazo for emergencial, por exemplo, com poucos dias para execu\u00e7\u00e3o, a pr\u00f3pria operadora realizar\u00e1 o ajuste, pois n\u00e3o h\u00e1 tempo para o planejamento compartilhado. Os resultados s\u00e3o positivos: de julho a setembro de 2021, j\u00e1 foram reorganizados cerca de 2800 postes na regi\u00e3o metropolitana. \u201cA resolu\u00e7\u00e3o atual estabelece a meta de regulariza\u00e7\u00e3o de 2100 postes por ano. Em tr\u00eas meses de atua\u00e7\u00e3o conseguimos fazer mais do que isso\u201d, compara o presidente da TelComp, que est\u00e1 apresentando a ideia \u00e0s associadas do Nordeste e Sul para poss\u00edvel replica\u00e7\u00e3o nas regi\u00f5es.<\/p>\n\n\n\n<p>Uma outra frente da entidade, com a consultoria do <strong>engenheiro de telecomunica\u00e7\u00f5es Marcius Vitale<\/strong> e parceria da Fitec \u2013 Funda\u00e7\u00e3o para Inova\u00e7\u00f5es Tecnol\u00f3gicas, de Campinas, SP, \u00e9 o desenvolvimento de um software para fiscaliza\u00e7\u00e3o do uso dos postes. \u201cN\u00e3o basta ordenar a rede. \u00c9 preciso manter atualizado o banco de imagens dos postes ordenados de forma georreferenciada, onde, no caso de mudan\u00e7as ou ocupa\u00e7\u00e3o irregular, a empresa poder\u00e1 atuar rapidamente e evitar que a situa\u00e7\u00e3o se agrave\u201d, afirma Vitale.<\/p>\n\n\n\n<p>Baseado em imagens e intelig\u00eancia artificial, o software permite cadastrar os cabos, postes, pontos de fixa\u00e7\u00e3o e equipamentos a partir das BAPs (abra\u00e7adeiras) ou plaquetas de identifica\u00e7\u00e3o. Os elementos s\u00e3o fotografados e registrados no sistema, que roda na nuvem e poder\u00e1 ser acessado a qualquer momento. \u201cCom as informa\u00e7\u00f5es integradas, ser\u00e1 poss\u00edvel visualizar o mapa dos postes em um munic\u00edpio, fazer recortes de uma determinada \u00e1rea de interesse e gerar dashboard com os principais indicadores\u201d, diz Jos\u00e9 Luiz Malavazi, diretor de neg\u00f3cios da Fitec, entidade que tamb\u00e9m desenvolve ferramentas semelhantes para inspe\u00e7\u00e3o de linhas de transmiss\u00e3o de energia por meio de drones.<\/p>\n\n\n\n<p>Al\u00e9m da precis\u00e3o muito superior em rela\u00e7\u00e3o \u00e0s inspe\u00e7\u00f5es manuais, a ferramenta oferece uma elevada produtividade: estima-se que uma dupla de t\u00e9cnicos, em carros equipados com dispositivos de captura, consiga vistoriar 1200 postes por dia, 12 vezes mais que no m\u00e9todo convencional. \u201cCom o sistema de captura e r\u00e1pido processamento de imagens, as empresas poder\u00e3o registrar as \u00e1reas p\u00f3s-arruma\u00e7\u00e3o e depois manter a fiscaliza\u00e7\u00e3o cont\u00ednua das redes\u201d, diz Malavazi.<\/p>\n\n\n\n<p>Por fim, uma terceira a\u00e7\u00e3o da TelComp voltada para o compartilhamento de redes \u00e9 a realiza\u00e7\u00e3o de testes de campo com postes em situa\u00e7\u00e3o real, sob diversas configura\u00e7\u00f5es e cen\u00e1rios. O trabalho tamb\u00e9m ser\u00e1 executado pela Fitec, que montar\u00e1 o ambiente de provas no campus da PUC de Campinas, com a participa\u00e7\u00e3o de professores e especialistas das Faculdades de Engenharia Civil, El\u00e9trica e Mec\u00e2nica. Todas as atividades levam em considera\u00e7\u00e3o o atendimento \u00e0s normas t\u00e9cnicas e de seguran\u00e7a do trabalho, como NR-01, NR-10 e NR-35.&nbsp;<\/p>\n\n\n\n<p>Com in\u00edcio previsto para o final de janeiro de 2022 e dura\u00e7\u00e3o de seis meses, os ensaios ser\u00e3o realizados com experimenta\u00e7\u00f5es pr\u00e1ticas de cabos instalados em postes nos diversos cen\u00e1rios da infraestrutura de redes detectados em campo, que passar\u00e3o por testes de esfor\u00e7os mec\u00e2nicos e uso de ancoragem em final de ramal de emendas e reservas, deriva\u00e7\u00f5es, caixas subterr\u00e2neas pr\u00f3ximas ao poste e fio drop. Tamb\u00e9m est\u00e1 previsto o desenvolvimento de suportes e ferragens especiais, capazes de suportar, por exemplo, um aumento na quantidade de ocupantes (atualmente s\u00e3o permitidos seis), o tamanho da faixa destinada \u00e0s operadoras de telecomunica\u00e7\u00f5es (hoje s\u00e3o 50 cm) e at\u00e9 mesmo o uso de postes mais altos.<\/p>\n\n\n\n<p>Os resultados e pareceres t\u00e9cnicos da prova de conceito fornecer\u00e3o subs\u00eddios \u00e0 comiss\u00e3o de estudos da NBR 15.214\/2005 \u2013 Rede de distribui\u00e7\u00e3o de energia el\u00e9trica \u2013 Compartilhamento de infraestrutura com redes de telecomunica\u00e7\u00f5es, atualmente em processo de revis\u00e3o na ABNT. \u201cEssa norma est\u00e1 muito desatualizada e poder\u00e1 ser complementada num futuro pr\u00f3ximo, com os estudos em desenvolvimento na prova de conceito em curso, os quais ir\u00e3o atender integralmente os preceitos t\u00e9cnicos fundamentados nas pr\u00e1ticas da boa engenharia.&nbsp; Os ensaios de campo realizados pela Fitec permitir\u00e3o uma avalia\u00e7\u00e3o bastante confi\u00e1vel e imparcial das limita\u00e7\u00f5es t\u00e9cnicas e possibilidades\u201d, diz Silva, da TelComp. De acordo com ele, as distribuidoras de energia renovam em m\u00e9dia 2% a 3% de seu parque de postes a cada ano. \u201cSe em 10 anos conseguirmos que troquem 30% de seus postes por vers\u00f5es mais robustas, ser\u00e1 um grande avan\u00e7o\u201d, diz.<\/p>\n","protected":false},"excerpt":{"rendered":"<p>TelComp e Fitec desenvolvem ferramenta para registro e fiscaliza\u00e7\u00e3o de postes Software \u00e9 baseado em imagens e intelig\u00eancia artificial. 13\/12\/2021 A TelComp \u2013 Associa\u00e7\u00e3o Brasileira das Prestadoras de Servi\u00e7os de Telecomunica\u00e7\u00f5es Competitivas vem realizando uma s\u00e9rie de a\u00e7\u00f5es com o objetivo de promover uma melhor organiza\u00e7\u00e3o das redes a\u00e9reas. \u201cH\u00e1 muitas cr\u00edticas nos setores e &hellip; <\/p>\n<p><a class=\"more-link block-button\" href=\"http:\/\/marciusvitale.com.br\/?p=3091\">Continue lendo &raquo;<\/a><\/p>\n","protected":false},"author":2,"featured_media":0,"comment_status":"open","ping_status":"closed","sticky":false,"template":"","format":"standard","meta":[],"categories":[1],"tags":[],"_links":{"self":[{"href":"http:\/\/marciusvitale.com.br\/index.php?rest_route=\/wp\/v2\/posts\/3091"}],"collection":[{"href":"http:\/\/marciusvitale.com.br\/index.php?rest_route=\/wp\/v2\/posts"}],"about":[{"href":"http:\/\/marciusvitale.com.br\/index.php?rest_route=\/wp\/v2\/types\/post"}],"author":[{"embeddable":true,"href":"http:\/\/marciusvitale.com.br\/index.php?rest_route=\/wp\/v2\/users\/2"}],"replies":[{"embeddable":true,"href":"http:\/\/marciusvitale.com.br\/index.php?rest_route=%2Fwp%2Fv2%2Fcomments&post=3091"}],"version-history":[{"count":2,"href":"http:\/\/marciusvitale.com.br\/index.php?rest_route=\/wp\/v2\/posts\/3091\/revisions"}],"predecessor-version":[{"id":3107,"href":"http:\/\/marciusvitale.com.br\/index.php?rest_route=\/wp\/v2\/posts\/3091\/revisions\/3107"}],"wp:attachment":[{"href":"http:\/\/marciusvitale.com.br\/index.php?rest_route=%2Fwp%2Fv2%2Fmedia&parent=3091"}],"wp:term":[{"taxonomy":"category","embeddable":true,"href":"http:\/\/marciusvitale.com.br\/index.php?rest_route=%2Fwp%2Fv2%2Fcategories&post=3091"},{"taxonomy":"post_tag","embeddable":true,"href":"http:\/\/marciusvitale.com.br\/index.php?rest_route=%2Fwp%2Fv2%2Ftags&post=3091"}],"curies":[{"name":"wp","href":"https:\/\/api.w.org\/{rel}","templated":true}]}}